{"id":349,"date":"2022-05-26T22:05:52","date_gmt":"2022-05-26T22:05:52","guid":{"rendered":"http:\/\/www.oekumenische-energiegenossenschaft.de\/home\/?p=349"},"modified":"2022-05-26T22:16:22","modified_gmt":"2022-05-26T22:16:22","slug":"die-oeeg-auf-dem-katholikentag","status":"publish","type":"post","link":"https:\/\/www.oekumenische-energiegenossenschaft.de\/home\/neuigkeiten\/die-oeeg-auf-dem-katholikentag\/","title":{"rendered":"Die \u00d6EG auf dem Katholikentag"},"content":{"rendered":"\n<p>Am diesj\u00e4hrigen Katholikentages in Stuttgart sind wir mit unserem Stand auf der K\u00f6nigstra\u00dfe vertreten.<\/p>\n\n\n\n<p>Wir stellen die Genossenschaft und die bestehenden, sowie neuen Projekte vor. Au\u00dferdem haben wir ein Solarmodul dabei, das wir bei unseren Projekten verbauen. Dieses Modul kann auch als Balkonmodul verwendet werden. Gerne beantworten wir Ihre Fragen dazu.<\/p>\n\n\n\n<p>Kommen Sie gerne vorbei, wir freuen uns auf ihren Besuch. Unser Stand ist zwischen dem Hauptbahnhof und dem Schlossplatz auf der K\u00f6nigsstra\u00dfe. Hier finden Sie uns:<\/p>\n\n\n\n<figure class=\"wp-block-image size-full\"><img loading=\"lazy\" decoding=\"async\" width=\"893\" height=\"719\" src=\"https:\/\/www.oekumenische-energiegenossenschaft.de\/home\/wp-content\/uploads\/grafik.png\" alt=\"\" class=\"wp-image-351\" srcset=\"https:\/\/www.oekumenische-energiegenossenschaft.de\/home\/wp-content\/uploads\/grafik.png 893w, https:\/\/www.oekumenische-energiegenossenschaft.de\/home\/wp-content\/uploads\/grafik-300x242.png 300w, https:\/\/www.oekumenische-energiegenossenschaft.de\/home\/wp-content\/uploads\/grafik-768x618.png 768w\" sizes=\"auto, (max-width: 893px) 100vw, 893px\" \/><\/figure>\n\n\n\n<p><\/p>\n","protected":false},"excerpt":{"rendered":"<p>Am diesj\u00e4hrigen Katholikentages in Stuttgart sind wir mit unserem Stand auf der K\u00f6nigstra\u00dfe vertreten. Wir stellen die Genossenschaft und die bestehenden, sowie neuen Projekte vor. Au\u00dferdem haben wir ein Solarmodul dabei, das wir bei unseren Projekten verbauen. Dieses Modul kann auch als Balkonmodul verwendet werden. Gerne beantworten wir Ihre Fragen [&hellip;]<\/p>\n","protected":false},"author":1,"featured_media":106,"comment_status":"closed","ping_status":"open","sticky":false,"template":"","format":"standard","meta":{"footnotes":""},"categories":[7],"tags":[],"class_list":["post-349","post","type-post","status-publish","format-standard","has-post-thumbnail","hentry","category-neuigkeiten"],"_links":{"self":[{"href":"https:\/\/www.oekumenische-energiegenossenschaft.de\/home\/wp-json\/wp\/v2\/posts\/349","targetHints":{"allow":["GET"]}}],"collection":[{"href":"https:\/\/www.oekumenische-energiegenossenschaft.de\/home\/wp-json\/wp\/v2\/posts"}],"about":[{"href":"https:\/\/www.oekumenische-energiegenossenschaft.de\/home\/wp-json\/wp\/v2\/types\/post"}],"author":[{"embeddable":true,"href":"https:\/\/www.oekumenische-energiegenossenschaft.de\/home\/wp-json\/wp\/v2\/users\/1"}],"replies":[{"embeddable":true,"href":"https:\/\/www.oekumenische-energiegenossenschaft.de\/home\/wp-json\/wp\/v2\/comments?post=349"}],"version-history":[{"count":5,"href":"https:\/\/www.oekumenische-energiegenossenschaft.de\/home\/wp-json\/wp\/v2\/posts\/349\/revisions"}],"predecessor-version":[{"id":366,"href":"https:\/\/www.oekumenische-energiegenossenschaft.de\/home\/wp-json\/wp\/v2\/posts\/349\/revisions\/366"}],"wp:featuredmedia":[{"embeddable":true,"href":"https:\/\/www.oekumenische-energiegenossenschaft.de\/home\/wp-json\/wp\/v2\/media\/106"}],"wp:attachment":[{"href":"https:\/\/www.oekumenische-energiegenossenschaft.de\/home\/wp-json\/wp\/v2\/media?parent=349"}],"wp:term":[{"taxonomy":"category","embeddable":true,"href":"https:\/\/www.oekumenische-energiegenossenschaft.de\/home\/wp-json\/wp\/v2\/categories?post=349"},{"taxonomy":"post_tag","embeddable":true,"href":"https:\/\/www.oekumenische-energiegenossenschaft.de\/home\/wp-json\/wp\/v2\/tags?post=349"}],"curies":[{"name":"wp","href":"https:\/\/api.w.org\/{rel}","templated":true}]}}