{"id":492,"date":"2023-03-23T09:58:00","date_gmt":"2023-03-23T09:58:00","guid":{"rendered":"https:\/\/www.oekumenische-energiegenossenschaft.de\/home\/?p=492"},"modified":"2023-03-23T09:59:47","modified_gmt":"2023-03-23T09:59:47","slug":"pv-anlage-bei-calw-gebaut","status":"publish","type":"post","link":"https:\/\/www.oekumenische-energiegenossenschaft.de\/home\/neuigkeiten\/pv-anlage-bei-calw-gebaut\/","title":{"rendered":"PV-Anlage bei Calw gebaut"},"content":{"rendered":"\n<h2 class=\"wp-block-heading\">PV-Anlage bei Calw gebaut<\/h2>\n\n\n\n<p>Anfang M\u00e4rz hat die \u00d6EG in der N\u00e4he von Calw eine 30 kWp PV-Anlage in Eigenregie installiert. Trotz teilweise wiedrigem Wetter konnte die Anlage innerhalb einer Woche fertig gebaut werden.<\/p>\n\n\n\n<figure class=\"wp-block-image size-large\"><img loading=\"lazy\" decoding=\"async\" width=\"1024\" height=\"768\" src=\"https:\/\/www.oekumenische-energiegenossenschaft.de\/home\/wp-content\/uploads\/signal-2023-03-15-06-59-51-671-3-1024x768.jpg\" alt=\"\" class=\"wp-image-493\" srcset=\"https:\/\/www.oekumenische-energiegenossenschaft.de\/home\/wp-content\/uploads\/signal-2023-03-15-06-59-51-671-3-1024x768.jpg 1024w, https:\/\/www.oekumenische-energiegenossenschaft.de\/home\/wp-content\/uploads\/signal-2023-03-15-06-59-51-671-3-300x225.jpg 300w, https:\/\/www.oekumenische-energiegenossenschaft.de\/home\/wp-content\/uploads\/signal-2023-03-15-06-59-51-671-3-768x576.jpg 768w, https:\/\/www.oekumenische-energiegenossenschaft.de\/home\/wp-content\/uploads\/signal-2023-03-15-06-59-51-671-3-1536x1152.jpg 1536w, https:\/\/www.oekumenische-energiegenossenschaft.de\/home\/wp-content\/uploads\/signal-2023-03-15-06-59-51-671-3.jpg 2048w\" sizes=\"auto, (max-width: 1024px) 100vw, 1024px\" \/><figcaption class=\"wp-element-caption\">Montage der Photovoltaik Module<\/figcaption><\/figure>\n\n\n\n<p>Das Geb\u00e4ude auf der die PV-Anlage montiert wurde, wird derzeit vollst\u00e4ndig saniert und erhielt ein neues Dach. Die Montage erfolgte im engen Zeitplan der gesamten Baustelle, daduch konnte das Ger\u00fcst und der Baukran ideal ausgenutzt werden.<\/p>\n\n\n\n<p>Die gesamte Anlage wird wie das Geb\u00e4ude im Sommer 2023 in Betrieb gehen und dann ca. 30.000 kWh pro Jahr Solarstrom liefern. Der Strom kann in einem Stromspeicher mit ca. 15kWh Kapazit\u00e4t zwischen gepeichert werden.<\/p>\n","protected":false},"excerpt":{"rendered":"<p>PV-Anlage bei Calw gebaut Anfang M\u00e4rz hat die \u00d6EG in der N\u00e4he von Calw eine 30 kWp PV-Anlage in Eigenregie installiert. Trotz teilweise wiedrigem Wetter konnte die Anlage innerhalb einer Woche fertig gebaut werden. Das Geb\u00e4ude auf der die PV-Anlage montiert wurde, wird derzeit vollst\u00e4ndig saniert und erhielt ein neues [&hellip;]<\/p>\n","protected":false},"author":1,"featured_media":493,"comment_status":"closed","ping_status":"open","sticky":false,"template":"","format":"standard","meta":{"footnotes":""},"categories":[7,15],"tags":[],"class_list":["post-492","post","type-post","status-publish","format-standard","has-post-thumbnail","hentry","category-neuigkeiten","category-pv-anlage"],"_links":{"self":[{"href":"https:\/\/www.oekumenische-energiegenossenschaft.de\/home\/wp-json\/wp\/v2\/posts\/492","targetHints":{"allow":["GET"]}}],"collection":[{"href":"https:\/\/www.oekumenische-energiegenossenschaft.de\/home\/wp-json\/wp\/v2\/posts"}],"about":[{"href":"https:\/\/www.oekumenische-energiegenossenschaft.de\/home\/wp-json\/wp\/v2\/types\/post"}],"author":[{"embeddable":true,"href":"https:\/\/www.oekumenische-energiegenossenschaft.de\/home\/wp-json\/wp\/v2\/users\/1"}],"replies":[{"embeddable":true,"href":"https:\/\/www.oekumenische-energiegenossenschaft.de\/home\/wp-json\/wp\/v2\/comments?post=492"}],"version-history":[{"count":4,"href":"https:\/\/www.oekumenische-energiegenossenschaft.de\/home\/wp-json\/wp\/v2\/posts\/492\/revisions"}],"predecessor-version":[{"id":497,"href":"https:\/\/www.oekumenische-energiegenossenschaft.de\/home\/wp-json\/wp\/v2\/posts\/492\/revisions\/497"}],"wp:featuredmedia":[{"embeddable":true,"href":"https:\/\/www.oekumenische-energiegenossenschaft.de\/home\/wp-json\/wp\/v2\/media\/493"}],"wp:attachment":[{"href":"https:\/\/www.oekumenische-energiegenossenschaft.de\/home\/wp-json\/wp\/v2\/media?parent=492"}],"wp:term":[{"taxonomy":"category","embeddable":true,"href":"https:\/\/www.oekumenische-energiegenossenschaft.de\/home\/wp-json\/wp\/v2\/categories?post=492"},{"taxonomy":"post_tag","embeddable":true,"href":"https:\/\/www.oekumenische-energiegenossenschaft.de\/home\/wp-json\/wp\/v2\/tags?post=492"}],"curies":[{"name":"wp","href":"https:\/\/api.w.org\/{rel}","templated":true}]}}