{"id":87,"date":"2022-04-01T13:23:27","date_gmt":"2022-04-01T13:23:27","guid":{"rendered":"http:\/\/www.oekumenische-energiegenossenschaft.de\/home\/?p=87"},"modified":"2022-04-05T20:37:29","modified_gmt":"2022-04-05T20:37:29","slug":"krieg-in-der-ukraine","status":"publish","type":"post","link":"https:\/\/www.oekumenische-energiegenossenschaft.de\/home\/neuigkeiten\/krieg-in-der-ukraine\/","title":{"rendered":"Krieg in der Ukraine"},"content":{"rendered":"\n<p>Liebe Mitglieder, liebe Genossinnen und Genossen,<\/p>\n\n\n\n<p>zutiefst betroffen und ohnm\u00e4chtig h\u00f6ren wir die ersch\u00fctternden Berichte aus der Ukraine und von den Menschen, die versuchen zu fl\u00fcchten und so dem Bombenterror und der Gewalt zu entkommen. Im letzten Newsletter hatten wir noch geschrieben, dass wir uns in Deutschland und weltweit in einer dreifachen Krise von Klima-, Biodiversit\u00e4ts- und Pandemie befinden und sehen jetzt, dass durch den v\u00f6lkerrechtswidrigen Krieg Putins gegen die Ukraine auch Frieden und Demokratie, Selbstbestimmung und Freiheit in Europa sehr bedroht sind. Der von der Berliner Koalition ins Auge gefasste Ausbau der erneuerbaren Energien bekommt jetzt nochmal eine zus\u00e4tzliche Bedeutung: <strong>die Abkehr von \u00d6l, Gas und Kohle, von denen Deutschland und die EU noch immer sehr abh\u00e4ngig sind, ist jetzt zus\u00e4tzlich auch eine friedenspolitische Ma\u00dfnahme<\/strong>. Die FDP spricht von Freiheitsenergie und meint damit die Erneuerbaren, die sie bisher eher ausgebremst haben. Interessant ist, dass \u00f6lreiche Staaten oft Diktaturen sind, w\u00e4hrend Sonne und Wind niemandem geh\u00f6ren und so Abh\u00e4ngigkeiten in den Hintergrund treten. So wird es zunehmend wichtig, dass die klimapolitischen Ma\u00dfnahmen greifen und so die \u00f6konomische Basis wie die Sicherheit durch die Stilllegung von Atomkraftwerken verl\u00e4sslicher machen. Dies gilt weltweit &#8211; auch f\u00fcr die Ukraine und Russland, die durch eine dezentrale erneuerbare Energieerzeugung resilienter werden. Die Flagge der Ukraine spiegelt schon die Farben von Sonne und Wasser.<\/p>\n","protected":false},"excerpt":{"rendered":"<p>Liebe Mitglieder, liebe Genossinnen und Genossen, zutiefst betroffen und ohnm\u00e4chtig h\u00f6ren wir die ersch\u00fctternden Berichte aus der Ukraine und von den Menschen, die versuchen zu fl\u00fcchten und so dem Bombenterror und der Gewalt zu entkommen. Im letzten Newsletter hatten wir noch geschrieben, dass wir uns in Deutschland und weltweit in [&hellip;]<\/p>\n","protected":false},"author":1,"featured_media":89,"comment_status":"open","ping_status":"open","sticky":false,"template":"","format":"standard","meta":{"footnotes":""},"categories":[7],"tags":[],"class_list":["post-87","post","type-post","status-publish","format-standard","has-post-thumbnail","hentry","category-neuigkeiten"],"_links":{"self":[{"href":"https:\/\/www.oekumenische-energiegenossenschaft.de\/home\/wp-json\/wp\/v2\/posts\/87","targetHints":{"allow":["GET"]}}],"collection":[{"href":"https:\/\/www.oekumenische-energiegenossenschaft.de\/home\/wp-json\/wp\/v2\/posts"}],"about":[{"href":"https:\/\/www.oekumenische-energiegenossenschaft.de\/home\/wp-json\/wp\/v2\/types\/post"}],"author":[{"embeddable":true,"href":"https:\/\/www.oekumenische-energiegenossenschaft.de\/home\/wp-json\/wp\/v2\/users\/1"}],"replies":[{"embeddable":true,"href":"https:\/\/www.oekumenische-energiegenossenschaft.de\/home\/wp-json\/wp\/v2\/comments?post=87"}],"version-history":[{"count":2,"href":"https:\/\/www.oekumenische-energiegenossenschaft.de\/home\/wp-json\/wp\/v2\/posts\/87\/revisions"}],"predecessor-version":[{"id":91,"href":"https:\/\/www.oekumenische-energiegenossenschaft.de\/home\/wp-json\/wp\/v2\/posts\/87\/revisions\/91"}],"wp:featuredmedia":[{"embeddable":true,"href":"https:\/\/www.oekumenische-energiegenossenschaft.de\/home\/wp-json\/wp\/v2\/media\/89"}],"wp:attachment":[{"href":"https:\/\/www.oekumenische-energiegenossenschaft.de\/home\/wp-json\/wp\/v2\/media?parent=87"}],"wp:term":[{"taxonomy":"category","embeddable":true,"href":"https:\/\/www.oekumenische-energiegenossenschaft.de\/home\/wp-json\/wp\/v2\/categories?post=87"},{"taxonomy":"post_tag","embeddable":true,"href":"https:\/\/www.oekumenische-energiegenossenschaft.de\/home\/wp-json\/wp\/v2\/tags?post=87"}],"curies":[{"name":"wp","href":"https:\/\/api.w.org\/{rel}","templated":true}]}}